{"id":9457,"date":"2026-09-04T13:04:40","date_gmt":"2026-09-04T16:04:40","guid":{"rendered":"https:\/\/cmbsas-caba.infd.edu.ar\/sitio\/?p=9457"},"modified":"2026-09-04T13:04:41","modified_gmt":"2026-09-04T16:04:41","slug":"septiembre-fechas-de-asueto-y-desinfeccion","status":"publish","type":"post","link":"https:\/\/cmbsas-caba.infd.edu.ar\/sitio\/septiembre-fechas-de-asueto-y-desinfeccion\/","title":{"rendered":"Septiembre: fechas de asueto y desinfecci\u00f3n"},"content":{"rendered":"\n<p>Se informa a la comunidad del Conservatorio las fechas de septiembre en las que no habr\u00e1 actividad acad\u00e9mica ni administrativa:<\/p>\n\n\n\n<p>Viernes 11 de septiembre<br>Asueto por el D\u00eda del Maestro.<\/p>\n\n\n\n<p>Jueves 17 de septiembre<br>El Conservatorio permanecer\u00e1 cerrado por trabajos de desinfecci\u00f3n en las instalaciones.<\/p>\n\n\n\n<p>Lunes 21 de septiembre<br>Asueto por el D\u00eda del Estudiante.<\/p>\n\n\n\n<p>En consecuencia, no habr\u00e1 actividad acad\u00e9mica ni administrativa durante esas jornadas.<\/p>\n","protected":false},"excerpt":{"rendered":"<p>Se informa a la comunidad del Conservatorio las fechas de septiembre en las que no habr\u00e1 actividad acad\u00e9mica ni administrativa: Viernes 11 de septiembreAsueto por el D\u00eda del Maestro. Jueves 17 de septiembreEl Conservatorio permanecer\u00e1 cerrado por trabajos de desinfecci\u00f3n en las instalaciones. Lunes 21 de septiembreAsueto por el D\u00eda del Estudiante. En consecuencia, no &#8230; <a title=\"Septiembre: fechas de asueto y desinfecci\u00f3n\" class=\"read-more\" href=\"https:\/\/cmbsas-caba.infd.edu.ar\/sitio\/septiembre-fechas-de-asueto-y-desinfeccion\/\" aria-label=\"More on Septiembre: fechas de asueto y desinfecci\u00f3n\">[+]<\/a><\/p>\n","protected":false},"author":3699,"featured_media":9458,"comment_status":"open","ping_status":"open","sticky":false,"template":"","format":"standard","meta":[],"categories":[6],"tags":[],"acf":[],"_links":{"self":[{"href":"https:\/\/cmbsas-caba.infd.edu.ar\/sitio\/wp-json\/wp\/v2\/posts\/9457"}],"collection":[{"href":"https:\/\/cmbsas-caba.infd.edu.ar\/sitio\/wp-json\/wp\/v2\/posts"}],"about":[{"href":"https:\/\/cmbsas-caba.infd.edu.ar\/sitio\/wp-json\/wp\/v2\/types\/post"}],"author":[{"embeddable":true,"href":"https:\/\/cmbsas-caba.infd.edu.ar\/sitio\/wp-json\/wp\/v2\/users\/3699"}],"replies":[{"embeddable":true,"href":"https:\/\/cmbsas-caba.infd.edu.ar\/sitio\/wp-json\/wp\/v2\/comments?post=9457"}],"version-history":[{"count":1,"href":"https:\/\/cmbsas-caba.infd.edu.ar\/sitio\/wp-json\/wp\/v2\/posts\/9457\/revisions"}],"predecessor-version":[{"id":9459,"href":"https:\/\/cmbsas-caba.infd.edu.ar\/sitio\/wp-json\/wp\/v2\/posts\/9457\/revisions\/9459"}],"wp:featuredmedia":[{"embeddable":true,"href":"https:\/\/cmbsas-caba.infd.edu.ar\/sitio\/wp-json\/wp\/v2\/media\/9458"}],"wp:attachment":[{"href":"https:\/\/cmbsas-caba.infd.edu.ar\/sitio\/wp-json\/wp\/v2\/media?parent=9457"}],"wp:term":[{"taxonomy":"category","embeddable":true,"href":"https:\/\/cmbsas-caba.infd.edu.ar\/sitio\/wp-json\/wp\/v2\/categories?post=9457"},{"taxonomy":"post_tag","embeddable":true,"href":"https:\/\/cmbsas-caba.infd.edu.ar\/sitio\/wp-json\/wp\/v2\/tags?post=9457"}],"curies":[{"name":"wp","href":"https:\/\/api.w.org\/{rel}","templated":true}]}}